{"id":105599,"date":"2023-06-03T15:22:59","date_gmt":"2023-06-03T19:22:59","guid":{"rendered":"https:\/\/deportedeprimera.com\/?p=105599"},"modified":"2023-06-03T15:23:00","modified_gmt":"2023-06-03T19:23:00","slug":"el-manchester-city-atrapo-su-segunda-fa-cup-bajo-el-mandato-de-pep-guardiola","status":"publish","type":"post","link":"https:\/\/www.deportedeprimera.com\/index.php\/2023\/06\/03\/el-manchester-city-atrapo-su-segunda-fa-cup-bajo-el-mandato-de-pep-guardiola\/","title":{"rendered":"El Manchester City atrap\u00f3 su segunda FA Cup bajo el mandato de Pep Guardiola"},"content":{"rendered":"\n<p class=\"wp-block-paragraph\"><strong><kbd>Deporte de Primera USA<\/kbd><\/strong> <strong><kbd>Con informaci\u00f3n de EFE Deportes<\/kbd><\/strong><\/p>\n\n\n\n<p class=\"wp-block-paragraph\"><strong><em>Con dos voleas de Gundogan, una de ellas el gol m\u00e1s r\u00e1pido de la historia de las finales de copa, el Manchester City\u00a0atrap\u00f3 su segunda FA Cup bajo el mandato de Pep Guardiola (2-1) y se queda a un solo partido, la final de la Liga de Campeones contra el Inter de Mil\u00e1n, de convertirse en el segundo equipo ingl\u00e9s en la historia en conquistar el triplete. Ser\u00e1 dentro de siete d\u00edas cuando el conjunto de Guardiola, quiz\u00e1s el m\u00e1s dominante del f\u00fatbol ingl\u00e9s, tenga la oportunidad de igualar la gesta del Manchester United\u00a0de 1999. El Inter tendr\u00e1 la \u00faltima palabra, despu\u00e9s de que el United perdiera la ocasi\u00f3n de ser el verdugo de la hist\u00f3rica temporada de los &#8216;Sky Blues&#8217;.<\/em><\/strong><\/p>\n\n\n\n<figure class=\"wp-block-image\"><img decoding=\"async\" src=\"https:\/\/pbs.twimg.com\/media\/FxtcPB-XoAMRr0L?format=jpg&amp;name=large\" alt=\"Imagen\"\/><\/figure>\n\n\n\n<p class=\"wp-block-paragraph\">En una final que ya de por s\u00ed se antojaba desequilibrada, no ayud\u00f3 la salida al campo de los de Erik Ten Hag, que concedieron el gol m\u00e1s tempranero de la historia de las finales de FA Cup. Nada m\u00e1s sacar de centro del campo el City, hubo un pelotazo de Stefan Ortega, una prolongaci\u00f3n de Haaland, un despeje err\u00e1tico de Lindelof y una volea a la escuadra de Ilkay Gundogan. Trece segundos y el United ya se hab\u00eda pegado un tiro en el pie.<\/p>\n\n\n\n<p class=\"wp-block-paragraph\">Y tres minutos despu\u00e9s, ten\u00eda que dar las gracias que la final no hubiera cerrado acta ya, porque un cabezazo de Rodri\u00a0y un disparo de De Bruyne pudieron sentenciar r\u00e1pido el trofeo.<\/p>\n\n\n\n<p class=\"wp-block-paragraph\">Hubiera sido el devenir natural del encuentro, porque el United no estaba ni presente, hasta que el VAR le sac\u00f3 del letargo con una acci\u00f3n que pr\u00e1cticamente no vio nadie.\u00a0<\/p>\n\n\n\n<figure class=\"wp-block-image\"><img decoding=\"async\" src=\"https:\/\/pbs.twimg.com\/media\/FxtcPTBX0AIwSXm?format=jpg&amp;name=large\" alt=\"Imagen\"\/><\/figure>\n\n\n\n<p class=\"wp-block-paragraph\">Bruno Fernades coloc\u00f3 un centro al segundo palo, Wan-Bissaka la gan\u00f3 de cabeza y el cuero toc\u00f3 en la mano de Jakc Grealish. Pasaron unos segundos sin que nadie reclamara nada, hasta que el \u00e1rbitro par\u00f3 el encuentro porque hab\u00eda recibido el aviso del VAR. Visita a la pantalla y penalti para el United. No err\u00f3 desde los once metros Fernandes, que dio una inmerecida bola extra al United.<\/p>\n\n\n\n<p class=\"wp-block-paragraph\">No le cost\u00f3 mucho perderla. Minutos despu\u00e9s de arrancar la segunda parte, De Bruyne, en una falta lateral, sac\u00f3 a relucir la pizarra de Guardiola y la falta de aprendizaje del United. El belga sirvi\u00f3 la pelota Gundogan en la frontal y el germano, con un golpeo menos limpio que el primero, sac\u00f3 una volea ante la que De Gea, algo tapado, pudo hacer mucho m\u00e1s.<\/p>\n\n\n\n<p class=\"wp-block-paragraph\">El meta espa\u00f1ol se resarci\u00f3 al evitar el gol de Haaland, en una buena parada abajo a remate del noruego desde el punto de penalti, pero la sensaci\u00f3n general era que la final se hab\u00eda marchado en esa segunda volea de Gundogan.<\/p>\n\n\n\n<figure class=\"wp-block-image\"><img decoding=\"async\" src=\"https:\/\/pbs.twimg.com\/media\/FxtcQFwXsAAUYAs?format=jpg&amp;name=large\" alt=\"Imagen\"\/><\/figure>\n\n\n\n<p class=\"wp-block-paragraph\">Rashford y un Alejandro Garnach que sali\u00f3 de refresco lo intentaron con sendos disparos desde la frontal, tambi\u00e9n Scott McTominay con un cabezazo al larguero en el \u00faltimo instante, pero no hubo sorpresa, el City, el favorito, gan\u00f3 su s\u00e9ptima FA Cup, con la que desempata con el Blackburn Rovers y el Newcastle\u00a0en el palmar\u00e9s y se iguala con e lAston Villa.<\/p>\n\n\n\n<p class=\"wp-block-paragraph\">Es la segunda FA Cup para el City desde que est\u00e1 Guardiola, tras la que lograron en 2019 goleando al Watford de Javi Gracia.<\/p>\n\n\n\n<p class=\"wp-block-paragraph\">Tras unas celebraciones que se antojan cortas, por la importancia de lo que hay por delante, el City comenzar\u00e1 a preparar el asalto a la final de la Champions League del pr\u00f3xima s\u00e1bado en Estambul contra el Inter de Mil\u00e1n.<\/p>\n\n\n\n<p class=\"wp-block-paragraph\">Ya tienen en el bolsillo la Premier League y la FA Cup, ahora queda el premio mayor; la &#8216;Orejona&#8217; y el r\u00e9cord legendario de sus vecinos.<\/p>\n\n\n\n<figure class=\"wp-block-image\"><img decoding=\"async\" src=\"https:\/\/s.yimg.com\/ny\/api\/res\/1.2\/Py7EX1KkhGCCZBSfvDUeHQ--\/YXBwaWQ9aGlnaGxhbmRlcjt3PTk2MDtoPTY0MDtjZj13ZWJw\/https:\/\/media.zenfs.com\/es\/efe.es\/e9fda74adbef682be66999039e33bd08\" alt=\"\"\/><\/figure>\n\n\n\n<p class=\"wp-block-paragraph\">Manuel S\u00e1nchez G\u00f3mez<\/p>\n\n\n\n<p class=\"wp-block-paragraph\">(c) Agencia EFE<\/p>\n","protected":false},"excerpt":{"rendered":"<p>Deporte de Primera USA Con informaci\u00f3n de EFE Deportes Con dos voleas de Gundogan, una&#8230;<\/p>\n","protected":false},"author":1,"featured_media":105600,"comment_status":"closed","ping_status":"open","sticky":false,"template":"","format":"standard","meta":{"footnotes":""},"categories":[],"tags":[],"class_list":["post-105599","post","type-post","status-publish","format-standard","has-post-thumbnail","hentry"],"_links":{"self":[{"href":"https:\/\/www.deportedeprimera.com\/index.php\/wp-json\/wp\/v2\/posts\/105599","targetHints":{"allow":["GET"]}}],"collection":[{"href":"https:\/\/www.deportedeprimera.com\/index.php\/wp-json\/wp\/v2\/posts"}],"about":[{"href":"https:\/\/www.deportedeprimera.com\/index.php\/wp-json\/wp\/v2\/types\/post"}],"author":[{"embeddable":true,"href":"https:\/\/www.deportedeprimera.com\/index.php\/wp-json\/wp\/v2\/users\/1"}],"replies":[{"embeddable":true,"href":"https:\/\/www.deportedeprimera.com\/index.php\/wp-json\/wp\/v2\/comments?post=105599"}],"version-history":[{"count":1,"href":"https:\/\/www.deportedeprimera.com\/index.php\/wp-json\/wp\/v2\/posts\/105599\/revisions"}],"predecessor-version":[{"id":105601,"href":"https:\/\/www.deportedeprimera.com\/index.php\/wp-json\/wp\/v2\/posts\/105599\/revisions\/105601"}],"wp:featuredmedia":[{"embeddable":true,"href":"https:\/\/www.deportedeprimera.com\/index.php\/wp-json\/wp\/v2\/media\/105600"}],"wp:attachment":[{"href":"https:\/\/www.deportedeprimera.com\/index.php\/wp-json\/wp\/v2\/media?parent=105599"}],"wp:term":[{"taxonomy":"category","embeddable":true,"href":"https:\/\/www.deportedeprimera.com\/index.php\/wp-json\/wp\/v2\/categories?post=105599"},{"taxonomy":"post_tag","embeddable":true,"href":"https:\/\/www.deportedeprimera.com\/index.php\/wp-json\/wp\/v2\/tags?post=105599"}],"curies":[{"name":"wp","href":"https:\/\/api.w.org\/{rel}","templated":true}]}}