{"id":105593,"date":"2023-06-02T20:50:39","date_gmt":"2023-06-03T00:50:39","guid":{"rendered":"https:\/\/deportedeprimera.com\/?p=105593"},"modified":"2023-06-02T20:50:41","modified_gmt":"2023-06-03T00:50:41","slug":"arriba-peru-juanpi-varillas-pone-en-lo-alto-al-tenis-peruano-su-proximo-rival-sera-el-serbio-djokovic","status":"publish","type":"post","link":"https:\/\/www.deportedeprimera.com\/index.php\/2023\/06\/02\/arriba-peru-juanpi-varillas-pone-en-lo-alto-al-tenis-peruano-su-proximo-rival-sera-el-serbio-djokovic\/","title":{"rendered":"ARRIBA PERU! Juanpi Varillas pone en lo alto al tenis peruano; su pr\u00f3ximo rival ser\u00e1 el serbio Djokovic"},"content":{"rendered":"\n<p class=\"wp-block-paragraph\"><strong><kbd>Deporte de Primera USA<\/kbd><\/strong> <strong><kbd>Con informaci\u00f3n de EFE Deportes<\/kbd><\/strong><\/p>\n\n\n\n<figure class=\"wp-block-image\"><img decoding=\"async\" src=\"https:\/\/pbs.twimg.com\/media\/FxpPBmkWYAAXa6I?format=jpg&amp;name=large\" alt=\"Imagen\"\/><\/figure>\n\n\n\n<p class=\"wp-block-paragraph\"><strong><em>El peruano Juan Pablo Varillas consigui\u00f3 una hist\u00f3rica clasificaci\u00f3n para octavos de final de Roland Garros tras derrotar al polaco Hubert Hurkacz, cabeza de serie n\u00famero 13, 3-6, 6-3, 7-6 (3) y 6-2, y ahora se medir\u00e1 al n\u00famero 3 del mundo, el serbio Novak Djokovic. El lime\u00f1o se convirti\u00f3 en el primer tenista peruano entre los 16 mejores del Grand Slam de tierra batida desde Jaime Yzaga en 1994 y consigue su mejor participaci\u00f3n en un Grand Slam, donde hasta esta edici\u00f3n de Roland Garros no hab\u00eda ganado un partido.<\/em><\/strong><\/p>\n\n\n\n<figure class=\"wp-block-embed is-type-video is-provider-youtube wp-block-embed-youtube wp-embed-aspect-4-3 wp-has-aspect-ratio\"><div class=\"wp-block-embed__wrapper\">\n<iframe loading=\"lazy\" title=\"Juan Pablo Varillas PER logra otra \u00e9pica en Roland Garros\" width=\"640\" height=\"480\" src=\"https:\/\/www.youtube.com\/embed\/i8NsvGQODwI?feature=oembed\" frameborder=\"0\" allow=\"accelerometer; autoplay; clipboard-write; encrypted-media; gyroscope; picture-in-picture; web-share\" referrerpolicy=\"strict-origin-when-cross-origin\" allowfullscreen><\/iframe>\n<\/div><\/figure>\n\n\n\n<p class=\"wp-block-paragraph\">Tras haber remontado dos sets en contra en sus dos primeros compromisos, Varillas volvi\u00f3 a demostrar una gran determinaci\u00f3n frente a un rival de m\u00e1s peso, que buscaba sus segundos octavos consecutivos en Par\u00eds. Tres victorias en cinco sets que demuestran su capacidad de sacrificio y abnegaci\u00f3n<\/p>\n\n\n\n<p class=\"wp-block-paragraph\">En un ambiente de fuego calentado por una ruidosa hinchada peruana que aclam\u00f3 al nuevo h\u00e9roe nacional, Varillas logro la victoria m\u00e1s importante de su carrera.<\/p>\n\n\n\n<figure class=\"wp-block-image\"><img decoding=\"async\" src=\"https:\/\/s.yimg.com\/ny\/api\/res\/1.2\/WhJUnjvjLX0qBnJZNCBbQA--\/YXBwaWQ9aGlnaGxhbmRlcjt3PTk2MDtoPTExNTc7Y2Y9d2VicA--\/https:\/\/media.zenfs.com\/es\/efe.es\/da6826369d1a9511e468d0b5a23fa8db\" alt=\"\"\/><\/figure>\n\n\n\n<p class=\"wp-block-paragraph\">El 94 del r\u00e1nking logr\u00f3 su tercera victoria contra un tenista del top-20 en toda su carrera, demostrando que est\u00e1 viviendo un momento dulce desde su aterrizaje en Par\u00eds.<\/p>\n\n\n\n<p class=\"wp-block-paragraph\">Hasta ahora, solo Yzaga hab\u00eda jugado octavos de final en un Grand Slam. Lo hizo en cuatro ocasiones: en 1985 en Estados Unidos, en 1991 en Australia y en 1994 en Par\u00eds y, de nuevo en Estados Unidos. en Australia en 1991 super\u00f3 esa ronda y tres a\u00f1os m\u00e1s tarde tambi\u00e9n en Estados Unidos.<\/p>\n\n\n\n<p class=\"wp-block-paragraph\">Para Varillas esta era su segunda incursi\u00f3n en el cuadro final de Par\u00eds, donde ingres\u00f3 por vez primera el a\u00f1o pasado tras siete intentos de acceder a trav\u00e9s de la fase previa. Su actuaci\u00f3n fue breve, ya que tras ganar los dos primeros sets contra el canadiense Felix Auger Aliassime acab\u00f3 perdiendo en 5.<\/p>\n\n\n\n<p class=\"wp-block-paragraph\">En el pasado Abierto de Australia entr\u00f3 por r\u00e1nking, pero no super\u00f3 el primer duelo contra el alem\u00e1n Alexander Zverev, tambi\u00e9n a cinco sets.<\/p>\n\n\n\n<figure class=\"wp-block-image\"><img decoding=\"async\" src=\"https:\/\/s.yimg.com\/ny\/api\/res\/1.2\/kpFURO4z1WT7MHLclsdcjg--\/YXBwaWQ9aGlnaGxhbmRlcjt3PTk2MDtoPTY1NDtjZj13ZWJw\/https:\/\/media.zenfs.com\/es\/efe.es\/e6b282ed02e8b5d8bbb246142772c152\" alt=\"\"\/><\/figure>\n\n\n\n<p class=\"wp-block-paragraph\">(c) Agencia EFE<\/p>\n","protected":false},"excerpt":{"rendered":"<p>Deporte de Primera USA Con informaci\u00f3n de EFE Deportes El peruano Juan Pablo Varillas consigui\u00f3&#8230;<\/p>\n","protected":false},"author":1,"featured_media":105594,"comment_status":"closed","ping_status":"open","sticky":false,"template":"","format":"standard","meta":{"footnotes":""},"categories":[],"tags":[],"class_list":["post-105593","post","type-post","status-publish","format-standard","has-post-thumbnail","hentry"],"_links":{"self":[{"href":"https:\/\/www.deportedeprimera.com\/index.php\/wp-json\/wp\/v2\/posts\/105593","targetHints":{"allow":["GET"]}}],"collection":[{"href":"https:\/\/www.deportedeprimera.com\/index.php\/wp-json\/wp\/v2\/posts"}],"about":[{"href":"https:\/\/www.deportedeprimera.com\/index.php\/wp-json\/wp\/v2\/types\/post"}],"author":[{"embeddable":true,"href":"https:\/\/www.deportedeprimera.com\/index.php\/wp-json\/wp\/v2\/users\/1"}],"replies":[{"embeddable":true,"href":"https:\/\/www.deportedeprimera.com\/index.php\/wp-json\/wp\/v2\/comments?post=105593"}],"version-history":[{"count":1,"href":"https:\/\/www.deportedeprimera.com\/index.php\/wp-json\/wp\/v2\/posts\/105593\/revisions"}],"predecessor-version":[{"id":105595,"href":"https:\/\/www.deportedeprimera.com\/index.php\/wp-json\/wp\/v2\/posts\/105593\/revisions\/105595"}],"wp:featuredmedia":[{"embeddable":true,"href":"https:\/\/www.deportedeprimera.com\/index.php\/wp-json\/wp\/v2\/media\/105594"}],"wp:attachment":[{"href":"https:\/\/www.deportedeprimera.com\/index.php\/wp-json\/wp\/v2\/media?parent=105593"}],"wp:term":[{"taxonomy":"category","embeddable":true,"href":"https:\/\/www.deportedeprimera.com\/index.php\/wp-json\/wp\/v2\/categories?post=105593"},{"taxonomy":"post_tag","embeddable":true,"href":"https:\/\/www.deportedeprimera.com\/index.php\/wp-json\/wp\/v2\/tags?post=105593"}],"curies":[{"name":"wp","href":"https:\/\/api.w.org\/{rel}","templated":true}]}}