{"id":105224,"date":"2023-05-19T17:24:18","date_gmt":"2023-05-19T21:24:18","guid":{"rendered":"https:\/\/deportedeprimera.com\/?p=105224"},"modified":"2023-05-19T17:24:19","modified_gmt":"2023-05-19T21:24:19","slug":"se-acerca-la-hora-del-gran-momento-para-javier-mascherano","status":"publish","type":"post","link":"https:\/\/www.deportedeprimera.com\/index.php\/2023\/05\/19\/se-acerca-la-hora-del-gran-momento-para-javier-mascherano\/","title":{"rendered":"Se acerca la hora del gran momento para Javier Mascherano"},"content":{"rendered":"\n<p class=\"wp-block-paragraph\"><strong><kbd>Deporte de Primera USA<\/kbd><\/strong><\/p>\n\n\n\n<p class=\"wp-block-paragraph\"><strong><em>La\u00a0Selecci\u00f3n argentina\u00a0debuta este s\u00e1bado en la\u00a0Copa Mundial Sub 20\u00a0frente a\u00a0Uzbekist\u00e1n\u00a0y en la previa,\u00a0Javier Mascherano\u00a0admiti\u00f3 que afrontan esta nueva oportunidad con mucha ilusi\u00f3n y la esperanza de que los resultados sean diferentes al \u00faltimo Sudamericano, en el que fueron eliminados.<\/em><\/strong><\/p>\n\n\n\n<figure class=\"wp-block-image\"><img decoding=\"async\" src=\"https:\/\/pbs.twimg.com\/media\/FwhOFoGWYAEtoab?format=jpg&amp;name=4096x4096\" alt=\"Imagen\"\/><\/figure>\n\n\n\n<p class=\"wp-block-paragraph\">El entrenador dialog\u00f3 con la prensa, el entrenador coment\u00f3 que es consciente de que se gener\u00f3 esta posibilidad por ser anfitriones. \u201cSabemos c\u00f3mo se dieron. Nos dieron una nueva oportunidad, que para nosotros estaba perdida. Con ganas de hacer las cosas bien esta vez\u201d, dijo.<\/p>\n\n\n\n<p class=\"wp-block-paragraph\">En tanto, remarc\u00f3: \u201cEl an\u00e1lisis de lo que paso lo hemos hecho nosotros como cuerpo t\u00e9cnico y tambi\u00e9n con algunos de los chicos que estuvieron en el Sudamericano. Este es un grupo con muchos nuevos. Ma\u00f1ana empieza la verdad. Es un d\u00eda important\u00edsimo porque es algo que no estaba en nuestras cabezas en febrero\u201d.<\/p>\n\n\n\n<figure class=\"wp-block-image is-resized\"><img loading=\"lazy\" decoding=\"async\" src=\"https:\/\/pbs.twimg.com\/media\/FwhOGECXwAMWDVg?format=jpg&amp;name=4096x4096\" alt=\"Imagen\" width=\"930\" height=\"1395\"\/><\/figure>\n","protected":false},"excerpt":{"rendered":"<p>Deporte de Primera USA La\u00a0Selecci\u00f3n argentina\u00a0debuta este s\u00e1bado en la\u00a0Copa Mundial Sub 20\u00a0frente a\u00a0Uzbekist\u00e1n\u00a0y en&#8230;<\/p>\n","protected":false},"author":1,"featured_media":105225,"comment_status":"closed","ping_status":"open","sticky":false,"template":"","format":"standard","meta":{"footnotes":""},"categories":[],"tags":[],"class_list":["post-105224","post","type-post","status-publish","format-standard","has-post-thumbnail","hentry"],"_links":{"self":[{"href":"https:\/\/www.deportedeprimera.com\/index.php\/wp-json\/wp\/v2\/posts\/105224","targetHints":{"allow":["GET"]}}],"collection":[{"href":"https:\/\/www.deportedeprimera.com\/index.php\/wp-json\/wp\/v2\/posts"}],"about":[{"href":"https:\/\/www.deportedeprimera.com\/index.php\/wp-json\/wp\/v2\/types\/post"}],"author":[{"embeddable":true,"href":"https:\/\/www.deportedeprimera.com\/index.php\/wp-json\/wp\/v2\/users\/1"}],"replies":[{"embeddable":true,"href":"https:\/\/www.deportedeprimera.com\/index.php\/wp-json\/wp\/v2\/comments?post=105224"}],"version-history":[{"count":1,"href":"https:\/\/www.deportedeprimera.com\/index.php\/wp-json\/wp\/v2\/posts\/105224\/revisions"}],"predecessor-version":[{"id":105226,"href":"https:\/\/www.deportedeprimera.com\/index.php\/wp-json\/wp\/v2\/posts\/105224\/revisions\/105226"}],"wp:featuredmedia":[{"embeddable":true,"href":"https:\/\/www.deportedeprimera.com\/index.php\/wp-json\/wp\/v2\/media\/105225"}],"wp:attachment":[{"href":"https:\/\/www.deportedeprimera.com\/index.php\/wp-json\/wp\/v2\/media?parent=105224"}],"wp:term":[{"taxonomy":"category","embeddable":true,"href":"https:\/\/www.deportedeprimera.com\/index.php\/wp-json\/wp\/v2\/categories?post=105224"},{"taxonomy":"post_tag","embeddable":true,"href":"https:\/\/www.deportedeprimera.com\/index.php\/wp-json\/wp\/v2\/tags?post=105224"}],"curies":[{"name":"wp","href":"https:\/\/api.w.org\/{rel}","templated":true}]}}