{"id":105206,"date":"2023-05-18T20:37:16","date_gmt":"2023-05-19T00:37:16","guid":{"rendered":"https:\/\/deportedeprimera.com\/?p=105206"},"modified":"2023-05-18T20:37:16","modified_gmt":"2023-05-19T00:37:16","slug":"roland-garros-sin-su-rey-rafa-nadal-sera-el-gran-ausente","status":"publish","type":"post","link":"https:\/\/www.deportedeprimera.com\/index.php\/2023\/05\/18\/roland-garros-sin-su-rey-rafa-nadal-sera-el-gran-ausente\/","title":{"rendered":"Roland Garros, sin su rey: Rafa Nadal ser\u00e1 el gran ausente"},"content":{"rendered":"\n<p class=\"wp-block-paragraph\"><strong><kbd>Deporte de Primera USA<\/kbd><\/strong> <strong><kbd>Con informaci\u00f3n de EFE Deportes<\/kbd><\/strong><\/p>\n\n\n\n<p class=\"wp-block-paragraph\"><strong><em>La edici\u00f3n 127 de Roland Garros, la que arranca este 28 de mayo con la final fijada para el 11 de junio, no contar\u00e1 con su &#8216;rey&#8217;, con el espa\u00f1ol Rafael Nadal, dominador absoluto del segundo Grand Slam de cada campa\u00f1a, que ha anunciado que se echa a un lado, que no volver\u00e1 en los pr\u00f3ximos meses y que el final de su carrera se acerca.<\/em><\/strong><\/p>\n\n\n\n<p class=\"wp-block-paragraph\">Por primera vez en dieciocho temporadas, desde que debut\u00f3 en 2005, el &#8216;major&#8217; que se disputa sobre tierra ha tenido que borrar de su cartel al tenista espa\u00f1ol. La estatua de acero de tres metros que figura junto a la entrada general del Jard\u00edn de los Mosqueteros de Roland Garros, inaugurada hace dos a\u00f1os en honor al deportista balear, ser\u00e1 la \u00fanica imagen de Rafael Nadal, que este jueves ha anunciado que no podr\u00e1 acudir a Par\u00eds a defender su corona.<\/p>\n\n\n\n<p class=\"wp-block-paragraph\">Dieciocho ediciones consecutivas ha jugado Rafael Nadal en el Abierto de Francia del que se ha bajado en este 2023 a causa de una lesi\u00f3n en el psoas il\u00edaco de la pierna izquierda que sufri\u00f3 en el Abierto de Australia y que no termina de superar. La dolencia, inicialmente con una recuperaci\u00f3n fijada de seis a ocho semanas, no ha remitido despu\u00e9s de cuatro meses.<\/p>\n\n\n\n<p class=\"wp-block-paragraph\">El ganador de veintid\u00f3s Grand Slam ten\u00eda previsto su retorno a las canchas para el inicio de la campa\u00f1a de polvo de ladrillo. Pero nada ha ido seg\u00fan lo previsto y se ha apartado de cada evento habitual en su calendario, uno tras otro. Montecarlo, Barcelona, Madrid, Roma y ahora Par\u00eds.<\/p>\n\n\n\n<p class=\"wp-block-paragraph\">No ha vuelto a jugar el espa\u00f1ol, que solo ha disputado cuatro partidos en este 2023, desde que cay\u00f3 en la segunda ronda del Abierto de Australia frente el estadounidense Mackenzie McDonald.<\/p>\n\n\n\n<p class=\"wp-block-paragraph\">A sus treinta y seis a\u00f1os, Nadal no formar\u00e1 parte del cuadro principal del torneo. Por primera vez en dieciocho a\u00f1os. En catorce de ellas sali\u00f3 vencedor. El jugador espa\u00f1ol ha ganado en Par\u00eds 112 partidos. Y solo ha perdido tres: en 2009, en los octavos de final ante el sueco Robin Soderling; y en los cuartos de final de 2015 y en las semifinales de 2021 contra el serbio Novak Djokovic.<\/p>\n","protected":false},"excerpt":{"rendered":"<p>Deporte de Primera USA Con informaci\u00f3n de EFE Deportes La edici\u00f3n 127 de Roland Garros,&#8230;<\/p>\n","protected":false},"author":1,"featured_media":105207,"comment_status":"closed","ping_status":"open","sticky":false,"template":"","format":"standard","meta":{"footnotes":""},"categories":[],"tags":[],"class_list":["post-105206","post","type-post","status-publish","format-standard","has-post-thumbnail","hentry"],"_links":{"self":[{"href":"https:\/\/www.deportedeprimera.com\/index.php\/wp-json\/wp\/v2\/posts\/105206","targetHints":{"allow":["GET"]}}],"collection":[{"href":"https:\/\/www.deportedeprimera.com\/index.php\/wp-json\/wp\/v2\/posts"}],"about":[{"href":"https:\/\/www.deportedeprimera.com\/index.php\/wp-json\/wp\/v2\/types\/post"}],"author":[{"embeddable":true,"href":"https:\/\/www.deportedeprimera.com\/index.php\/wp-json\/wp\/v2\/users\/1"}],"replies":[{"embeddable":true,"href":"https:\/\/www.deportedeprimera.com\/index.php\/wp-json\/wp\/v2\/comments?post=105206"}],"version-history":[{"count":1,"href":"https:\/\/www.deportedeprimera.com\/index.php\/wp-json\/wp\/v2\/posts\/105206\/revisions"}],"predecessor-version":[{"id":105208,"href":"https:\/\/www.deportedeprimera.com\/index.php\/wp-json\/wp\/v2\/posts\/105206\/revisions\/105208"}],"wp:featuredmedia":[{"embeddable":true,"href":"https:\/\/www.deportedeprimera.com\/index.php\/wp-json\/wp\/v2\/media\/105207"}],"wp:attachment":[{"href":"https:\/\/www.deportedeprimera.com\/index.php\/wp-json\/wp\/v2\/media?parent=105206"}],"wp:term":[{"taxonomy":"category","embeddable":true,"href":"https:\/\/www.deportedeprimera.com\/index.php\/wp-json\/wp\/v2\/categories?post=105206"},{"taxonomy":"post_tag","embeddable":true,"href":"https:\/\/www.deportedeprimera.com\/index.php\/wp-json\/wp\/v2\/tags?post=105206"}],"curies":[{"name":"wp","href":"https:\/\/api.w.org\/{rel}","templated":true}]}}