{"id":105188,"date":"2023-05-17T14:04:12","date_gmt":"2023-05-17T18:04:12","guid":{"rendered":"https:\/\/deportedeprimera.com\/?p=105188"},"modified":"2023-05-17T14:04:13","modified_gmt":"2023-05-17T18:04:13","slug":"marcelo-bielsa-sobre-su-llegada-a-uruguay-no-tuvieron-que-convencerme","status":"publish","type":"post","link":"https:\/\/www.deportedeprimera.com\/index.php\/2023\/05\/17\/marcelo-bielsa-sobre-su-llegada-a-uruguay-no-tuvieron-que-convencerme\/","title":{"rendered":"Marcelo Bielsa sobre su llegada a Uruguay: \u00abNo tuvieron que convencerme\u00bb"},"content":{"rendered":"\n<p class=\"wp-block-paragraph\"><strong><kbd>Deporte de Primera USA<\/kbd><\/strong> <strong><kbd>Con informaci\u00f3n de EFE Deportes<\/kbd><\/strong><\/p>\n\n\n\n<p class=\"wp-block-paragraph\"><strong><em>El argentino Marcelo Bielsa asegur\u00f3 este mi\u00e9rcoles durante su presentaci\u00f3n como nuevo seleccionador de Uruguay\u00a0que no tuvieron que convencerlo para aceptar ese cargo y remarc\u00f3 que los jugadores y los ciudadanos de ese pa\u00eds fueron \u00abfundamentales\u00bb para tomar la decisi\u00f3n. \u00abNo tuvieron que convencerme, casi dir\u00eda que todo lo contrario\u00bb, dijo durante una rueda de prensa llevada a cabo en el estadio Centenario de Montevideo a la que acudieron cerca de 200 periodistas.<\/em><\/strong><\/p>\n\n\n\n<figure class=\"wp-block-video\"><video height=\"540\" style=\"aspect-ratio: 540 \/ 540;\" width=\"540\" controls src=\"https:\/\/deportedeprimera.com\/wp-content\/uploads\/2023\/05\/ssstwitter.com_1684346392208.mp4\"><\/video><\/figure>\n\n\n\n<p class=\"wp-block-paragraph\">De acuerdo con esto, Bielsa cont\u00f3 que le gusta el grupo de jugadores que han representado a la Celeste en los \u00faltimos a\u00f1os, al tiempo que destac\u00f3 al \u00abdestinatario final del trabajo de una selecci\u00f3n\u00bb que es \u00abel ciudadano de a pie\u00bb.<\/p>\n\n\n\n<p class=\"wp-block-paragraph\">Enseguida cont\u00f3 una an\u00e9cdota que \u00abtuvo un peso posteriormente decisivo en la toma de decisiones\u00bb y que vivi\u00f3 junto a su esposa en Montevideo al viajar en un transporte p\u00fablico repleto.<\/p>\n\n\n\n<p class=\"wp-block-paragraph\">\u00abEl viaje dur\u00f3 45 minutos y se produjeron un mont\u00f3n de episodios que pusieron a prueba la civilidad de los que estaban arriba del micro (autob\u00fas)\u00bb, puntualiz\u00f3.<\/p>\n\n\n\n<p class=\"wp-block-paragraph\">A\u00f1adi\u00f3 que \u00abla generosidad\u00bb que all\u00ed vio y el respeto que hubo por los ni\u00f1os, los mayores y las mujeres le gener\u00f3 admiraci\u00f3n.<\/p>\n\n\n\n<p class=\"wp-block-paragraph\">Consultado estrictamente por lo futbol\u00edstico, Bielsa remarc\u00f3 que por el momento no habl\u00f3 con los principales referentes de la selecci\u00f3n  y agreg\u00f3 que corresponde hacerlo antes de tomar cualquier decisi\u00f3n que los involucre.<\/p>\n\n\n\n<p class=\"wp-block-paragraph\">Por otra parte, ante la pregunta de si Uruguay puede so\u00f1ar con ser campe\u00f3n del mundo, indic\u00f3 que hay pa\u00edses que deben construir a trav\u00e9s de la ilusi\u00f3n y otros que est\u00e1n autorizados a hacerlo por su poder\u00edo.<\/p>\n\n\n\n<p class=\"wp-block-paragraph\">Puntualiz\u00f3 que hay selecciones que pueden mezclar las dos y all\u00ed es donde se encuentra la Celeste.<\/p>\n\n\n\n<figure class=\"wp-block-image\"><img decoding=\"async\" src=\"https:\/\/s.yimg.com\/ny\/api\/res\/1.2\/7IL1IcgKrSO96kGDYWUBKA--\/YXBwaWQ9aGlnaGxhbmRlcjt3PTk2MDtoPTY0MDtjZj13ZWJw\/https:\/\/media.zenfs.com\/es\/efe.es\/296593478a057b0da1e710b6b932df2a\" alt=\"\"\/><\/figure>\n\n\n\n<p class=\"wp-block-paragraph\">\u00abCreo que Uruguay es del grupo del medio. Puede fantasear y tiene con que alimentar esa fantas\u00eda\u00bb, dijo el exentrenador de Argentina y de Chile.<\/p>\n\n\n\n<p class=\"wp-block-paragraph\">Bielsa tambi\u00e9n habl\u00f3 tambi\u00e9n de \u00d3scar Washington Tab\u00e1rez y asegur\u00f3 que, aunque la palabra admiraci\u00f3n deber\u00eda usarme menos por ser exagerada, \u00e9l admira a quien dirigiera a la Celeste por m\u00e1s de 15 a\u00f1os.<\/p>\n\n\n\n<p class=\"wp-block-paragraph\">Finalmente, consultado sobre c\u00f3mo le gustar\u00eda ser recordado, dijo que los seres humanos buscan ser queridos y que el afecto en el f\u00fatbol se consigue instalando recuerdos inolvidables en la memoria colectiva.<\/p>\n\n\n\n<p class=\"wp-block-paragraph\">Por su parte, Ignacio Alonso, presidente de la Asociaci\u00f3n Uruguaya de F\u00fatbol, subray\u00f3 \u00abel orgullo\u00bb que significa para la selecci\u00f3n y para el f\u00fatbol uruguayo que Bielsa se haya convertido en el nuevo director t\u00e9cnico de la Celeste.<\/p>\n\n\n\n<p class=\"wp-block-paragraph\">Enseguida le entreg\u00f3 al argentino la camiseta de Uruguay y una pintura del hist\u00f3rico estadio Centenario de Montevideo.<\/p>\n\n\n\n<p class=\"wp-block-paragraph\">Bielsa se convirti\u00f3 este lunes en el nuevo seleccionador de Uruguay tras arribar a Montevideo y rubricar all\u00ed su nuevo contrato de trabajo.<\/p>\n\n\n\n<p class=\"wp-block-paragraph\">El argentino trabajar\u00e1 con la Celeste durante las eliminatorias Sudamericanas del Mundial de 2026 o hasta que finalice ese torneo en caso de que el equipo se clasifique.<\/p>\n\n\n\n<p class=\"wp-block-paragraph\">Nacido en la ciudad de Rosario en julio de 1955, Bielsa comenz\u00f3 su carrera de entrenador en 1990, diez a\u00f1os despu\u00e9s de ponerle fin a su etapa de futbolista.<\/p>\n\n\n\n<figure class=\"wp-block-image\"><img decoding=\"async\" src=\"https:\/\/s.yimg.com\/ny\/api\/res\/1.2\/FIX3gUJ_1YqX3mqQzLy4xw--\/YXBwaWQ9aGlnaGxhbmRlcjt3PTk2MDtoPTY0MDtjZj13ZWJw\/https:\/\/media.zenfs.com\/es\/efe.es\/2d8e83564b62bb57cbcd12d42214ca47\" alt=\"\"\/><\/figure>\n\n\n\n<p class=\"wp-block-paragraph\">Tambi\u00e9n fue seleccionador de Argentina en el per\u00edodo 1998-2004 y de Chile entre 2007 y 2011.<\/p>\n\n\n\n<p class=\"wp-block-paragraph\">(c) Agencia EFE<\/p>\n","protected":false},"excerpt":{"rendered":"<p>Deporte de Primera USA Con informaci\u00f3n de EFE Deportes El argentino Marcelo Bielsa asegur\u00f3 este&#8230;<\/p>\n","protected":false},"author":1,"featured_media":105190,"comment_status":"closed","ping_status":"open","sticky":false,"template":"","format":"standard","meta":{"footnotes":""},"categories":[],"tags":[],"class_list":["post-105188","post","type-post","status-publish","format-standard","has-post-thumbnail","hentry"],"_links":{"self":[{"href":"https:\/\/www.deportedeprimera.com\/index.php\/wp-json\/wp\/v2\/posts\/105188","targetHints":{"allow":["GET"]}}],"collection":[{"href":"https:\/\/www.deportedeprimera.com\/index.php\/wp-json\/wp\/v2\/posts"}],"about":[{"href":"https:\/\/www.deportedeprimera.com\/index.php\/wp-json\/wp\/v2\/types\/post"}],"author":[{"embeddable":true,"href":"https:\/\/www.deportedeprimera.com\/index.php\/wp-json\/wp\/v2\/users\/1"}],"replies":[{"embeddable":true,"href":"https:\/\/www.deportedeprimera.com\/index.php\/wp-json\/wp\/v2\/comments?post=105188"}],"version-history":[{"count":1,"href":"https:\/\/www.deportedeprimera.com\/index.php\/wp-json\/wp\/v2\/posts\/105188\/revisions"}],"predecessor-version":[{"id":105191,"href":"https:\/\/www.deportedeprimera.com\/index.php\/wp-json\/wp\/v2\/posts\/105188\/revisions\/105191"}],"wp:featuredmedia":[{"embeddable":true,"href":"https:\/\/www.deportedeprimera.com\/index.php\/wp-json\/wp\/v2\/media\/105190"}],"wp:attachment":[{"href":"https:\/\/www.deportedeprimera.com\/index.php\/wp-json\/wp\/v2\/media?parent=105188"}],"wp:term":[{"taxonomy":"category","embeddable":true,"href":"https:\/\/www.deportedeprimera.com\/index.php\/wp-json\/wp\/v2\/categories?post=105188"},{"taxonomy":"post_tag","embeddable":true,"href":"https:\/\/www.deportedeprimera.com\/index.php\/wp-json\/wp\/v2\/tags?post=105188"}],"curies":[{"name":"wp","href":"https:\/\/api.w.org\/{rel}","templated":true}]}}