{"id":105182,"date":"2023-05-17T13:47:03","date_gmt":"2023-05-17T17:47:03","guid":{"rendered":"https:\/\/deportedeprimera.com\/?p=105182"},"modified":"2023-05-17T13:47:04","modified_gmt":"2023-05-17T17:47:04","slug":"colombia-buscara-quitarle-la-hegemonia-a-brasil-en-el-sudamericano-sub20-de-atletismo","status":"publish","type":"post","link":"https:\/\/www.deportedeprimera.com\/index.php\/2023\/05\/17\/colombia-buscara-quitarle-la-hegemonia-a-brasil-en-el-sudamericano-sub20-de-atletismo\/","title":{"rendered":"Colombia buscar\u00e1 quitarle la hegemon\u00eda a Brasil en el Sudamericano Sub&#8217;20 de atletismo"},"content":{"rendered":"\n<p class=\"wp-block-paragraph\"><strong><kbd>Deporte de Primera USA<\/kbd><\/strong> <strong><kbd>Con informaci\u00f3n de EFE Deportes<\/kbd><\/strong><\/p>\n\n\n\n<p class=\"wp-block-paragraph\"><strong><em>Las velocistas y los lanzadores son las principales cartas de Colombia\u00a0para el Campeonato Sudamericano Sub&#8217;20 de Atletismo, que se disputar\u00e1 en Bogot\u00e1 este fin de semana y en el que participar\u00e1n 13 pa\u00edses del \u00e1rea, donde Brasil es el rival a vencer. Los t\u00e9cnicos colombianos escogieron 40 mujeres y 46 hombres para disputarle a Brasil, que llegar\u00e1 a Bogot\u00e1 con 61 deportistas, 30 damas y 31 varones, el primer lugar que ostenta desde la m\u00e1s reciente edici\u00f3n, disputada en Lima en 2021.<\/em><\/strong><\/p>\n\n\n\n<p class=\"wp-block-paragraph\">En aquella ocasi\u00f3n, Brasil se coron\u00f3 campe\u00f3n con 40 medallas, 17 de oro, 11 de plata y 12 de bronce. Colombia fue segunda, con 11 oros, 8 platas y 6 bronces, y el podio lo complet\u00f3 Argentina<a href=\"https:\/\/sports.yahoo.com\/soccer\/teams\/argentina\/\">,<\/a> con 8 oros, 7 platas y 8 bronces.<\/p>\n\n\n\n<p class=\"wp-block-paragraph\">Colombia conf\u00eda en que el relevo de 4X100, del que hacen parte Melany Bola\u00f1os, Marleth Ospino, Mar\u00eda Murillo y Laura Mart\u00ednez, est\u00e9 en lo m\u00e1s alto del podio. Ese equipo fue bronce en el Mundial Sub&#8217;20 de Cali, el a\u00f1o pasado.<\/p>\n\n\n\n<p class=\"wp-block-paragraph\">Tambi\u00e9n se espera que est\u00e9n en el medallero la marchista Natalia Pulido y en velocidad Paola Loboa (400 metros), Dayana Mosquera y Mar\u00eda Gelves (800 metros), al igual que Jean Carlos Ortiz (martillo) y Hollman Villamizar (disco).<\/p>\n\n\n\n<p class=\"wp-block-paragraph\">Ecuador, por su parte, tendr\u00e1 un equipo conformado por 13 mujeres y 19 hombres, mientras que Argentina llegar\u00e1 con 29 atletas (12 mujeres y 17 hombres) y Venezuela har\u00e1 presencia con 13 damas y 7 varones.<\/p>\n\n\n\n<p class=\"wp-block-paragraph\">En total, 307 atletas de Argentina, Bolivia, Brasil, Chile, Ecuador, Guyana, Panam\u00e1, Paraguay, Per\u00fa, Surinam, Uruguay, Venezuela y el local Colombia pugnar\u00e1n por las 45 medallas de oro, 45 de plata y 45 de bronce que entrega evento que se disputar\u00e1 en el Estadio de Atletismo de El Salitre.<\/p>\n\n\n\n<p class=\"wp-block-paragraph\">El Campeonato Sudamericano Sub&#8217;20, que llega a su edici\u00f3n 45, se disput\u00f3 por primera vez en Buenos Aires, en 1959. Colombia ha sido sede en seis oportunidades: Cali, en 1970 y 2019; Medell\u00edn, 1983 y 2011; Bogot\u00e1 1990 y Bucaramanga, 1996.<\/p>\n\n\n\n<p class=\"wp-block-paragraph\">La programaci\u00f3n comenzar\u00e1 el viernes 19 de mayo, con dos jornadas, una en la ma\u00f1ana y una en la tarde, el s\u00e1bado tambi\u00e9n ser\u00e1 doble programaci\u00f3n y se cerrar\u00e1 con la quinta, el domingo.<\/p>\n\n\n\n<p class=\"wp-block-paragraph\">(c) Agencia EFE<\/p>\n","protected":false},"excerpt":{"rendered":"<p>Deporte de Primera USA Con informaci\u00f3n de EFE Deportes Las velocistas y los lanzadores son&#8230;<\/p>\n","protected":false},"author":1,"featured_media":105183,"comment_status":"closed","ping_status":"open","sticky":false,"template":"","format":"standard","meta":{"footnotes":""},"categories":[],"tags":[],"class_list":["post-105182","post","type-post","status-publish","format-standard","has-post-thumbnail","hentry"],"_links":{"self":[{"href":"https:\/\/www.deportedeprimera.com\/index.php\/wp-json\/wp\/v2\/posts\/105182","targetHints":{"allow":["GET"]}}],"collection":[{"href":"https:\/\/www.deportedeprimera.com\/index.php\/wp-json\/wp\/v2\/posts"}],"about":[{"href":"https:\/\/www.deportedeprimera.com\/index.php\/wp-json\/wp\/v2\/types\/post"}],"author":[{"embeddable":true,"href":"https:\/\/www.deportedeprimera.com\/index.php\/wp-json\/wp\/v2\/users\/1"}],"replies":[{"embeddable":true,"href":"https:\/\/www.deportedeprimera.com\/index.php\/wp-json\/wp\/v2\/comments?post=105182"}],"version-history":[{"count":1,"href":"https:\/\/www.deportedeprimera.com\/index.php\/wp-json\/wp\/v2\/posts\/105182\/revisions"}],"predecessor-version":[{"id":105184,"href":"https:\/\/www.deportedeprimera.com\/index.php\/wp-json\/wp\/v2\/posts\/105182\/revisions\/105184"}],"wp:featuredmedia":[{"embeddable":true,"href":"https:\/\/www.deportedeprimera.com\/index.php\/wp-json\/wp\/v2\/media\/105183"}],"wp:attachment":[{"href":"https:\/\/www.deportedeprimera.com\/index.php\/wp-json\/wp\/v2\/media?parent=105182"}],"wp:term":[{"taxonomy":"category","embeddable":true,"href":"https:\/\/www.deportedeprimera.com\/index.php\/wp-json\/wp\/v2\/categories?post=105182"},{"taxonomy":"post_tag","embeddable":true,"href":"https:\/\/www.deportedeprimera.com\/index.php\/wp-json\/wp\/v2\/tags?post=105182"}],"curies":[{"name":"wp","href":"https:\/\/api.w.org\/{rel}","templated":true}]}}