{"id":105159,"date":"2023-05-16T20:50:14","date_gmt":"2023-05-17T00:50:14","guid":{"rendered":"https:\/\/deportedeprimera.com\/?p=105159"},"modified":"2023-05-16T20:50:15","modified_gmt":"2023-05-17T00:50:15","slug":"inter-de-milan-es-el-primer-finalista-de-la-champions-espera-a-real-madrid-o-manchester-city","status":"publish","type":"post","link":"https:\/\/www.deportedeprimera.com\/index.php\/2023\/05\/16\/inter-de-milan-es-el-primer-finalista-de-la-champions-espera-a-real-madrid-o-manchester-city\/","title":{"rendered":"Inter de Mil\u00e1n es el primer finalista de la Champions; espera a Real Madrid o Manchester City"},"content":{"rendered":"\n<p class=\"wp-block-paragraph\"><strong><kbd>Deporte de Primera USA<\/kbd><\/strong><\/p>\n\n\n\n<p class=\"wp-block-paragraph\"><strong><em>El Inter de Mil\u00e1n derrot\u00f3 hoy 1-0 al AC Mil\u00e1n y se convirti\u00f3 en el primer finalista de la Liga de Campeones del f\u00fatbol europeo, tras un resultado global de 3-0.\u00a0\u00a0\u00a0Con gol del delantero argentino Lautaro Mart\u00ednez a la altura del minuto 74, los dirigidos por Simone Inzaghi derrotaron por segunda ocasi\u00f3n a sus rivales de ciudad, para volver a una final de Champions 13 a\u00f1os despu\u00e9s.<\/em><\/strong><\/p>\n\n\n\n<figure class=\"wp-block-embed is-type-rich is-provider-twitter wp-block-embed-twitter\"><div class=\"wp-block-embed__wrapper\">\n<blockquote class=\"twitter-tweet\" data-width=\"550\" data-dnt=\"true\"><p lang=\"en\" dir=\"ltr\">LuLau with the dagger. \ud83e\udd76 <a href=\"https:\/\/t.co\/fsynbEohaK\">pic.twitter.com\/fsynbEohaK<\/a><\/p>&mdash; CBS Sports Golazo \u26bd\ufe0f (@CBSSportsGolazo) <a href=\"https:\/\/twitter.com\/CBSSportsGolazo\/status\/1658573597794013185?ref_src=twsrc%5Etfw\">May 16, 2023<\/a><\/blockquote><script async src=\"https:\/\/platform.twitter.com\/widgets.js\" charset=\"utf-8\"><\/script>\n<\/div><\/figure>\n\n\n\n<p class=\"wp-block-paragraph\">Tras imponerse en el choque de ida 2-0 el Inter capitaliz\u00f3 su avance y ahora espera por el ganador del duelo entre el Real Madrid y el Manchester City, que este mi\u00e9rcoles se miden en el Reino Unido con el duelo 1-1.<\/p>\n\n\n\n<p class=\"wp-block-paragraph\">El Inter de Mil\u00e1n lleg\u00f3 a esta instancia en 2010, cuando de la mano del entrenador Jos\u00e9 Mourinho fueron monarcas de Europa al derrotar 2-0 al Bayern Munich.<\/p>\n\n\n\n<figure class=\"wp-block-image\"><img decoding=\"async\" src=\"https:\/\/pbs.twimg.com\/media\/FwSUUkaXsAARv11?format=jpg&amp;name=medium\" alt=\"Imagen\"\/><\/figure>\n","protected":false},"excerpt":{"rendered":"<p>Deporte de Primera USA El Inter de Mil\u00e1n derrot\u00f3 hoy 1-0 al AC Mil\u00e1n y&#8230;<\/p>\n","protected":false},"author":1,"featured_media":105160,"comment_status":"closed","ping_status":"open","sticky":false,"template":"","format":"standard","meta":{"footnotes":""},"categories":[],"tags":[],"class_list":["post-105159","post","type-post","status-publish","format-standard","has-post-thumbnail","hentry"],"_links":{"self":[{"href":"https:\/\/www.deportedeprimera.com\/index.php\/wp-json\/wp\/v2\/posts\/105159","targetHints":{"allow":["GET"]}}],"collection":[{"href":"https:\/\/www.deportedeprimera.com\/index.php\/wp-json\/wp\/v2\/posts"}],"about":[{"href":"https:\/\/www.deportedeprimera.com\/index.php\/wp-json\/wp\/v2\/types\/post"}],"author":[{"embeddable":true,"href":"https:\/\/www.deportedeprimera.com\/index.php\/wp-json\/wp\/v2\/users\/1"}],"replies":[{"embeddable":true,"href":"https:\/\/www.deportedeprimera.com\/index.php\/wp-json\/wp\/v2\/comments?post=105159"}],"version-history":[{"count":1,"href":"https:\/\/www.deportedeprimera.com\/index.php\/wp-json\/wp\/v2\/posts\/105159\/revisions"}],"predecessor-version":[{"id":105161,"href":"https:\/\/www.deportedeprimera.com\/index.php\/wp-json\/wp\/v2\/posts\/105159\/revisions\/105161"}],"wp:featuredmedia":[{"embeddable":true,"href":"https:\/\/www.deportedeprimera.com\/index.php\/wp-json\/wp\/v2\/media\/105160"}],"wp:attachment":[{"href":"https:\/\/www.deportedeprimera.com\/index.php\/wp-json\/wp\/v2\/media?parent=105159"}],"wp:term":[{"taxonomy":"category","embeddable":true,"href":"https:\/\/www.deportedeprimera.com\/index.php\/wp-json\/wp\/v2\/categories?post=105159"},{"taxonomy":"post_tag","embeddable":true,"href":"https:\/\/www.deportedeprimera.com\/index.php\/wp-json\/wp\/v2\/tags?post=105159"}],"curies":[{"name":"wp","href":"https:\/\/api.w.org\/{rel}","templated":true}]}}