{"id":105031,"date":"2023-05-10T14:06:09","date_gmt":"2023-05-10T18:06:09","guid":{"rendered":"https:\/\/deportedeprimera.com\/?p=105031"},"modified":"2023-05-10T14:06:11","modified_gmt":"2023-05-10T18:06:11","slug":"daniel-edelman-del-new-york-red-bull-es-convocado-a-la-seleccion-sub-20-de-estados-unidos","status":"publish","type":"post","link":"https:\/\/www.deportedeprimera.com\/index.php\/2023\/05\/10\/daniel-edelman-del-new-york-red-bull-es-convocado-a-la-seleccion-sub-20-de-estados-unidos\/","title":{"rendered":"Daniel Edelman del New York Red Bull es convocado a la selecci\u00f3n sub-20 de Estados Unidos"},"content":{"rendered":"\n<p class=\"wp-block-paragraph\"><strong><kbd>Deporte de Primera USA<\/kbd><\/strong><\/p>\n\n\n\n<p class=\"wp-block-paragraph\"><strong><em>El mediocampista de los Red Bulls de Nueva York, Daniel Edelman, ha sido seleccionado para la lista final de la selecci\u00f3n masculina sub-20 de Estados Unidos antes de la Copa Mundial Sub-20 de la FIFA, anunci\u00f3 hoy U.S. Soccer.<\/em><\/strong><\/p>\n\n\n\n<figure class=\"wp-block-embed is-type-rich is-provider-twitter wp-block-embed-twitter\"><div class=\"wp-block-embed__wrapper\">\n<blockquote class=\"twitter-tweet\" data-width=\"550\" data-dnt=\"true\"><p lang=\"es\" dir=\"ltr\">\u00a1Viveza y pegada! Daniel Edelman adelanta a <a href=\"https:\/\/twitter.com\/hashtag\/RojoxSiempre?src=hash&amp;ref_src=twsrc%5Etfw\">#RojoxSiempre<\/a>, 2-1 ante <a href=\"https:\/\/twitter.com\/hashtag\/LaFamiliaIMCF?src=hash&amp;ref_src=twsrc%5Etfw\">#LaFamiliaIMCF<\/a> <a href=\"https:\/\/t.co\/KTmv6TAiD9\">pic.twitter.com\/KTmv6TAiD9<\/a><\/p>&mdash; MLS Espa\u00f1ol (@MLSes) <a href=\"https:\/\/twitter.com\/MLSes\/status\/1563684411899518979?ref_src=twsrc%5Etfw\">August 28, 2022<\/a><\/blockquote><script async src=\"https:\/\/platform.twitter.com\/widgets.js\" charset=\"utf-8\"><\/script>\n<\/div><\/figure>\n\n\n\n<p class=\"wp-block-paragraph\">Edelman, de 20 a\u00f1os, ha hecho seis aperturas en la temporada 2023, donde ha contado 470 minutos jugados. Pas\u00f3 las \u00faltimas dos temporadas con los Red Bulls y fue nombrado Novato del A\u00f1o RBNY 2022, despu\u00e9s de hacer 18 apariciones la temporada pasada en todas las competiciones. El mediocampista nativo anot\u00f3 el primer gol de su carrera en la MLS la temporada pasada contra Inter Miami CF.<\/p>\n\n\n\n<p class=\"wp-block-paragraph\">El nativo de Warren, Nueva Jersey, ha capitaneado a los Sub-20 de EE. UU. en este ciclo, incluso durante el Campeonato Sub-20 de CONCACAF 2022. La Sub-20 de EE. UU. gan\u00f3 el torneo y se clasific\u00f3 para la Copa Mundial Sub-20 y para los Juegos Ol\u00edmpicos de 2024. Fue la primera vez que U.S. Soccer se clasific\u00f3 para los Juegos Ol\u00edmpicos por primera vez desde 2008.<\/p>\n\n\n\n<p class=\"wp-block-paragraph\">Edelman y la Sub-20 de EE. UU. comenzar\u00e1n su juego de la fase de grupos en la Copa Mundial de la FIFA Sub-20 el s\u00e1bado 20 de mayo contra Ecuador Sub-20. Estados Unidos completar\u00e1 sus partidos de la fase de grupos con Fiji Sub-20 el martes 23 de mayo y Eslovaquia Sub-20 el viernes 26 de mayo.<\/p>\n\n\n\n<figure class=\"wp-block-image\"><img decoding=\"async\" src=\"https:\/\/pbs.twimg.com\/media\/FvyELaQXsAAIPN0?format=jpg&amp;name=large\" alt=\"Imagen\"\/><\/figure>\n","protected":false},"excerpt":{"rendered":"<p>Deporte de Primera USA El mediocampista de los Red Bulls de Nueva York, Daniel Edelman,&#8230;<\/p>\n","protected":false},"author":1,"featured_media":105032,"comment_status":"closed","ping_status":"open","sticky":false,"template":"","format":"standard","meta":{"footnotes":""},"categories":[],"tags":[],"class_list":["post-105031","post","type-post","status-publish","format-standard","has-post-thumbnail","hentry"],"_links":{"self":[{"href":"https:\/\/www.deportedeprimera.com\/index.php\/wp-json\/wp\/v2\/posts\/105031","targetHints":{"allow":["GET"]}}],"collection":[{"href":"https:\/\/www.deportedeprimera.com\/index.php\/wp-json\/wp\/v2\/posts"}],"about":[{"href":"https:\/\/www.deportedeprimera.com\/index.php\/wp-json\/wp\/v2\/types\/post"}],"author":[{"embeddable":true,"href":"https:\/\/www.deportedeprimera.com\/index.php\/wp-json\/wp\/v2\/users\/1"}],"replies":[{"embeddable":true,"href":"https:\/\/www.deportedeprimera.com\/index.php\/wp-json\/wp\/v2\/comments?post=105031"}],"version-history":[{"count":1,"href":"https:\/\/www.deportedeprimera.com\/index.php\/wp-json\/wp\/v2\/posts\/105031\/revisions"}],"predecessor-version":[{"id":105033,"href":"https:\/\/www.deportedeprimera.com\/index.php\/wp-json\/wp\/v2\/posts\/105031\/revisions\/105033"}],"wp:featuredmedia":[{"embeddable":true,"href":"https:\/\/www.deportedeprimera.com\/index.php\/wp-json\/wp\/v2\/media\/105032"}],"wp:attachment":[{"href":"https:\/\/www.deportedeprimera.com\/index.php\/wp-json\/wp\/v2\/media?parent=105031"}],"wp:term":[{"taxonomy":"category","embeddable":true,"href":"https:\/\/www.deportedeprimera.com\/index.php\/wp-json\/wp\/v2\/categories?post=105031"},{"taxonomy":"post_tag","embeddable":true,"href":"https:\/\/www.deportedeprimera.com\/index.php\/wp-json\/wp\/v2\/tags?post=105031"}],"curies":[{"name":"wp","href":"https:\/\/api.w.org\/{rel}","templated":true}]}}