{"id":105015,"date":"2023-05-10T12:25:52","date_gmt":"2023-05-10T16:25:52","guid":{"rendered":"https:\/\/deportedeprimera.com\/?p=105015"},"modified":"2023-05-10T12:29:45","modified_gmt":"2023-05-10T16:29:45","slug":"el-tribunal-general-de-la-ue-respalda-el-recurso-de-ryanair-contra-el-rescate-estatal-de-lufthansa","status":"publish","type":"post","link":"https:\/\/www.deportedeprimera.com\/index.php\/2023\/05\/10\/el-tribunal-general-de-la-ue-respalda-el-recurso-de-ryanair-contra-el-rescate-estatal-de-lufthansa\/","title":{"rendered":"Djokovic y Alcaraz, dos caminos que se encuentran en el torneo de Roma"},"content":{"rendered":"\n<p class=\"wp-block-paragraph\"><strong><kbd>Deporte de Primera USA<\/kbd><\/strong> <strong><kbd>AFP Deportes<\/kbd><\/strong><\/p>\n\n\n\n<p class=\"wp-block-paragraph\"><strong><em>Novak Djokovic\u00a0y Carlos Alcaraz, cuyos caminos no se han cruzado desde el inicio de la temporada, se disponen a disputar a partir del mi\u00e9rcoles su primer torneo en com\u00fan en 2023 en Roma, \u00faltimo Masters 1000 antes de Roland Garros. Hasta el momento, las circunstancias han impedido el enfrentamiento entre el N.1 del mundo y el que le despojar\u00e1 del trono con toda probabilidad despu\u00e9s del torneo italiano con la simple condici\u00f3n de jugar al menos un partido.<\/em><\/strong><\/p>\n\n\n\n<p class=\"wp-block-paragraph\">En primer lugar lleg\u00f3 la lesi\u00f3n muscular en la pierna derecha que priv\u00f3 a Alcaraz del Abierto de Australia, en el que Djokovic logr\u00f3 su 22\u00ba t\u00edtulo de Grand Slam, igualando el r\u00e9cord de Rafa Nadal, este \u00faltimo alejado del circuito desde hace casi cuatro meses por una lesi\u00f3n en la cadera.- ANUNCIOS -https:\/\/s.yimg.com\/rq\/darla\/4-11-1\/html\/r-sf-flx.html<\/p>\n\n\n\n<p class=\"wp-block-paragraph\">Despu\u00e9s la imposibilidad para el serbio, no vacunado contra el covid-19, de participar en los Masters 1000 de Indian Wells y de Miami. El joven espa\u00f1ol, que opt\u00f3 por la gira sudamericana de febrero sobre tierra batida para lanzar su temporada, se impuso en California y fue frenado en semifinales en Florida.<\/p>\n\n\n\n<p class=\"wp-block-paragraph\">Por \u00faltimo lleg\u00f3 la baja de Alcaraz en Montecarlo, primer Masters 1000 de la temporada europea sobre polvo de ladrillo, para gozar de un descanso, lo mismo que hizo Djokovic en Madrid, lejos de su mejor forma desde su regreso.<\/p>\n\n\n\n<p class=\"wp-block-paragraph\">&#8211; 1-0 Alcaraz &#8211;<\/p>\n\n\n\n<p class=\"wp-block-paragraph\">&#8216;Carlitos&#8217; desembarc\u00f3 en la capital italiana, por primera vez, lanzado por su doblete Barcelona-Madrid y por sus 19 victorias, y tres t\u00edtulos, en veinte partidos sobre tierra batida en 2023.<\/p>\n\n\n\n<p class=\"wp-block-paragraph\">Su regularidad es remarcable: cinco finales jugadas en seis torneos desde su inicio de temporada tard\u00edo hace menos de tres meses.<\/p>\n\n\n\n<p class=\"wp-block-paragraph\">La trayectoria reciente de &#8216;Nole&#8217;, vigente campe\u00f3n en Roma, presenta m\u00e1s sombras: en Montecarlo como en Banja Luka en abril, perdi\u00f3 en su segundo partido (contra Musetti y Lajovic), lejos de mostrar su mejor cara y de nuevo preocupado por su codo derecho que ya le hab\u00eda creado problemas a\u00f1os atr\u00e1s.<\/p>\n\n\n\n<p class=\"wp-block-paragraph\">Djokovic debutar\u00e1 ante el joven franc\u00e9s Luca Van Assche (85\u00ba) o ante el argentino Tom\u00e1s Mart\u00edn Etcheverry (61\u00ba). \u00bfY despu\u00e9s? Podr\u00eda ser un recorrido complicado ante Dimitrov (33\u00ba), Norrie (13\u00ba), Rune (7\u00ba) o Auger-Aliassime (10\u00ba), y Sinner (8\u00ba) en semifinales.<\/p>\n\n\n\n<p class=\"wp-block-paragraph\">Alcaraz, por su parte, arrancar\u00e1 contra otro espa\u00f1ol, Albert Ramos (72\u00ba), o contra el italiano Francesco Passaro (126\u00ba). En su recorrido se perfilan unos eventuales octavos de final ante Borna Coric (16\u00ba), un cuarto de final ante Stefanos Tsitsipas (5\u00ba), y una semifinal ante Rublev (6\u00ba), Zverev (22\u00ba) o Medvedev (3\u00ba).<\/p>\n\n\n\n<p class=\"wp-block-paragraph\">Si ambos llegasen hasta la final, el campe\u00f3n del US Open 2022, convertido en el N.1 del mundo m\u00e1s joven de la historia, se presentar\u00e1 con la ventaja de haber ganado el \u00fanico cara a cara con Djokovic, hace un a\u00f1o en Madrid, por 6-7 (5\/7),\u00a07-5,\u00a07-6 (7\/5) en semifinales.<\/p>\n\n\n\n<figure class=\"wp-block-image\"><img decoding=\"async\" src=\"https:\/\/pbs.twimg.com\/media\/FvuyJZSWAAABqJC?format=jpg&amp;name=4096x4096\" alt=\"Imagen\"\/><\/figure>\n\n\n\n<p class=\"wp-block-paragraph\"><\/p>\n","protected":false},"excerpt":{"rendered":"<p>Deporte de Primera USA AFP Deportes Novak Djokovic\u00a0y Carlos Alcaraz, cuyos caminos no se han&#8230;<\/p>\n","protected":false},"author":1,"featured_media":105019,"comment_status":"closed","ping_status":"open","sticky":false,"template":"","format":"standard","meta":{"footnotes":""},"categories":[],"tags":[],"class_list":["post-105015","post","type-post","status-publish","format-standard","has-post-thumbnail","hentry"],"_links":{"self":[{"href":"https:\/\/www.deportedeprimera.com\/index.php\/wp-json\/wp\/v2\/posts\/105015","targetHints":{"allow":["GET"]}}],"collection":[{"href":"https:\/\/www.deportedeprimera.com\/index.php\/wp-json\/wp\/v2\/posts"}],"about":[{"href":"https:\/\/www.deportedeprimera.com\/index.php\/wp-json\/wp\/v2\/types\/post"}],"author":[{"embeddable":true,"href":"https:\/\/www.deportedeprimera.com\/index.php\/wp-json\/wp\/v2\/users\/1"}],"replies":[{"embeddable":true,"href":"https:\/\/www.deportedeprimera.com\/index.php\/wp-json\/wp\/v2\/comments?post=105015"}],"version-history":[{"count":2,"href":"https:\/\/www.deportedeprimera.com\/index.php\/wp-json\/wp\/v2\/posts\/105015\/revisions"}],"predecessor-version":[{"id":105020,"href":"https:\/\/www.deportedeprimera.com\/index.php\/wp-json\/wp\/v2\/posts\/105015\/revisions\/105020"}],"wp:featuredmedia":[{"embeddable":true,"href":"https:\/\/www.deportedeprimera.com\/index.php\/wp-json\/wp\/v2\/media\/105019"}],"wp:attachment":[{"href":"https:\/\/www.deportedeprimera.com\/index.php\/wp-json\/wp\/v2\/media?parent=105015"}],"wp:term":[{"taxonomy":"category","embeddable":true,"href":"https:\/\/www.deportedeprimera.com\/index.php\/wp-json\/wp\/v2\/categories?post=105015"},{"taxonomy":"post_tag","embeddable":true,"href":"https:\/\/www.deportedeprimera.com\/index.php\/wp-json\/wp\/v2\/tags?post=105015"}],"curies":[{"name":"wp","href":"https:\/\/api.w.org\/{rel}","templated":true}]}}