{"id":102896,"date":"2023-02-16T09:13:56","date_gmt":"2023-02-16T14:13:56","guid":{"rendered":"https:\/\/deportedeprimera.com\/?p=102896"},"modified":"2023-02-16T09:13:57","modified_gmt":"2023-02-16T14:13:57","slug":"la-fiscalia-espanola-investiga-pagos-del-barcelona-a-la-empresa-de-un-excolegiado","status":"publish","type":"post","link":"https:\/\/www.deportedeprimera.com\/index.php\/2023\/02\/16\/la-fiscalia-espanola-investiga-pagos-del-barcelona-a-la-empresa-de-un-excolegiado\/","title":{"rendered":"La fiscal\u00eda espa\u00f1ola investiga pagos del Barcelona a la empresa de un excolegiado"},"content":{"rendered":"\n<p class=\"wp-block-paragraph\"><strong><em>\u00a0Los fiscales espa\u00f1oles est\u00e1n investigando unos pagos de alrededor de 1,4 millones de euros que el gigante del f\u00fatbol Barcelona FC hizo durante tres a\u00f1os a una empresa propiedad de un alto cargo del cuerpo arbitral espa\u00f1ol, dijo el club, confirmando lo adelantado por una emisora de radio. Cadena SER dijo el mi\u00e9rcoles que el club de f\u00fatbol hizo los pagos entre 2016 y 2018 a una empresa de Jos\u00e9 Mar\u00eda Enr\u00edquez Negreira, quien era en ese momento vicepresidente Comit\u00e9 T\u00e9cnico de \u00c1rbitros de la Federaci\u00f3n Espa\u00f1ola de F\u00fatbol.<\/em><\/strong><\/p>\n\n\n\n<p class=\"wp-block-paragraph\">El Barcelona dijo en un comunicado que estaba al tanto de la investigaci\u00f3n. Dijo que el club \u00abcontrat\u00f3 los servicios de un consultor t\u00e9cnico externo\u00bb que le suministraba \u00abinformes t\u00e9cnicos relacionados con el arbitraje profesional\u00bb, calific\u00e1ndolo de \u00abpr\u00e1ctica habitual en los clubes de f\u00fatbol profesionales\u00bb.<\/p>\n\n\n\n<p class=\"wp-block-paragraph\">El club dijo que la consultora tambi\u00e9n proporcion\u00f3, en formato de v\u00eddeo, informes sobre jugadores juveniles de otros clubes espa\u00f1oles.<\/p>\n\n\n\n<p class=\"wp-block-paragraph\">Sin embargo, el expresidente del club Josep Mar\u00eda Bartomeu dijo al diario deportivo Mundo Deportivo el mi\u00e9rcoles que los pagos se remontan a antes de 2003 y totalizaron 575.000 euros por a\u00f1o desde la temporada 2009\/2010 antes de que se detuvieran en 2018 como parte de las medidas de reducci\u00f3n de costes.<\/p>\n\n\n\n<p class=\"wp-block-paragraph\">Preguntado por estas declaraciones, el Barcelona no ofreci\u00f3 m\u00e1s comentarios, remiti\u00e9ndose a su comunicado original.<\/p>\n\n\n\n<p class=\"wp-block-paragraph\">El Comit\u00e9 T\u00e9cnico de \u00c1rbitros (CTA) dijo en un comunicado que Enr\u00edquez Negreira no ha tenido ning\u00fan papel oficial desde 2018 y que \u00abning\u00fan \u00e1rbitro en activo o miembro de los \u00f3rganos del CTA puede desarrollar labor alguna que sea susceptible de entrar en conflicto de intereses\u00bb.<\/p>\n\n\n\n<p class=\"wp-block-paragraph\">Seg\u00fan informan medios espa\u00f1oles, los fiscales iniciaron la investigaci\u00f3n en 2022 despu\u00e9s de que una inspecci\u00f3n de la Agencia Tributaria a una empresa propiedad de Enr\u00edquez Negreira, no encontrara ning\u00fan registro o servicios prestados al Barcelona a cambio de 1,4 millones de euros en pagos.<\/p>\n\n\n\n<p class=\"wp-block-paragraph\">La Cadena SER recogi\u00f3 comentarios de Enr\u00edquez Negreira en los que afirmaba que su asesoramiento era verbal e inclu\u00eda interacciones de los jugadores con los \u00e1rbitros y negaba haber favorecido nunca al Barcelona en ninguna decisi\u00f3n o disputa arbitral.<\/p>\n\n\n\n<p class=\"wp-block-paragraph\">(1 d\u00f3lar = 0,9341 euros)<\/p>\n\n\n\n<p class=\"wp-block-paragraph\">(Reporte de Fernando Kallas; Edici\u00f3n de Tomasz Janowski, editado en espa\u00f1ol por Jos\u00e9 Mu\u00f1oz en la redacci\u00f3n de Gdansk)<\/p>\n\n\n\n<p class=\"wp-block-paragraph\"><strong>Reuters<\/strong><\/p>\n\n\n\n<figure class=\"wp-block-image\"><img decoding=\"async\" src=\"https:\/\/pbs.twimg.com\/media\/FgEONNvWQAADt6k?format=jpg&amp;name=medium\" alt=\"Imagen\"\/><\/figure>\n","protected":false},"excerpt":{"rendered":"<p>\u00a0Los fiscales espa\u00f1oles est\u00e1n investigando unos pagos de alrededor de 1,4 millones de euros que&#8230;<\/p>\n","protected":false},"author":1,"featured_media":102897,"comment_status":"closed","ping_status":"open","sticky":false,"template":"","format":"standard","meta":{"footnotes":""},"categories":[],"tags":[],"class_list":["post-102896","post","type-post","status-publish","format-standard","has-post-thumbnail","hentry"],"_links":{"self":[{"href":"https:\/\/www.deportedeprimera.com\/index.php\/wp-json\/wp\/v2\/posts\/102896","targetHints":{"allow":["GET"]}}],"collection":[{"href":"https:\/\/www.deportedeprimera.com\/index.php\/wp-json\/wp\/v2\/posts"}],"about":[{"href":"https:\/\/www.deportedeprimera.com\/index.php\/wp-json\/wp\/v2\/types\/post"}],"author":[{"embeddable":true,"href":"https:\/\/www.deportedeprimera.com\/index.php\/wp-json\/wp\/v2\/users\/1"}],"replies":[{"embeddable":true,"href":"https:\/\/www.deportedeprimera.com\/index.php\/wp-json\/wp\/v2\/comments?post=102896"}],"version-history":[{"count":1,"href":"https:\/\/www.deportedeprimera.com\/index.php\/wp-json\/wp\/v2\/posts\/102896\/revisions"}],"predecessor-version":[{"id":102898,"href":"https:\/\/www.deportedeprimera.com\/index.php\/wp-json\/wp\/v2\/posts\/102896\/revisions\/102898"}],"wp:featuredmedia":[{"embeddable":true,"href":"https:\/\/www.deportedeprimera.com\/index.php\/wp-json\/wp\/v2\/media\/102897"}],"wp:attachment":[{"href":"https:\/\/www.deportedeprimera.com\/index.php\/wp-json\/wp\/v2\/media?parent=102896"}],"wp:term":[{"taxonomy":"category","embeddable":true,"href":"https:\/\/www.deportedeprimera.com\/index.php\/wp-json\/wp\/v2\/categories?post=102896"},{"taxonomy":"post_tag","embeddable":true,"href":"https:\/\/www.deportedeprimera.com\/index.php\/wp-json\/wp\/v2\/tags?post=102896"}],"curies":[{"name":"wp","href":"https:\/\/api.w.org\/{rel}","templated":true}]}}